{"id":5184,"date":"2022-09-21T11:04:46","date_gmt":"2022-09-21T11:04:46","guid":{"rendered":"https:\/\/udruga-impress.hr\/?p=5184"},"modified":"2023-04-17T11:07:03","modified_gmt":"2023-04-17T11:07:03","slug":"izlozba-fotografija","status":"publish","type":"post","link":"https:\/\/udruga-impress.hr\/en\/izlozba-fotografija\/","title":{"rendered":"IZLO\u017dBA FOTOGRAFIJA"},"content":{"rendered":"<p>Ve\u0107 pune dvije godine na\u0161a <em>Ku\u0107a Mogu\u0107nosti<\/em> svakodnevno je ispunjena veseljem i smijehom djece i mladih, ali i odraslih razli\u010dite dobi. Tijekom dvije godine trajanja projekta trudili smo se nuditi aktivnosti koje \u0107e zaista svima biti zanimljive i na kojima \u0107e na\u0161i korisnici mo\u0107i u\u017eivati i prona\u0107i ne\u0161to za sebe. Projekt <em>Ku\u0107a Mogu\u0107nosti<\/em> predstavlja zna\u010dajan doprinos zajednici i dru\u0161tvu u cjelini, te ima pozitivan utjecaj na \u017eivote djece, mladih i njihovih obitelji.<\/p>\n<p>Na\u0161 cilj bio je stvoriti prostor u kojem \u0107e se ljudi osje\u0107ati kao doma, u kojem \u0107e se poticati napredak zajednice otvaranjem razli\u010ditih tema i diskusija, u kojem \u0107e se smi\u0161ljati nove ideje i stvarati uspomene i sje\u0107anja za cijeli \u017eivot.<\/p>\n<p>\u017deljeli smo da korisnici postanu kreatori svog slobodnog vremena i da im <em>Ku\u0107a Mogu\u0107nosti<\/em> bude mjesto gdje \u0107e se u potpunosti prepustiti kreativnosti i razvijanju svojih vje\u0161tina i talenata kroz razli\u010dite aktivnosti.<\/p>\n<p>Ovim putem \u017eelimo vas pozvati da posjetite na\u0161u izlo\u017ebu fotografija koja se odr\u017eava <strong>28.9.2022.<\/strong> u predvorju prostora <strong>Pu\u010dkog otvorenog u\u010dili\u0161ta Daruvar na adresi Trg kralja Tomislava 14A<\/strong>. Kroz izlo\u017ebu fotografija \u017eelimo vam pokazati \u0161to smo sve radili i na koji na\u010din smo provodili vrijeme u <em>Ku\u0107i Mogu\u0107nosti<\/em> protekle dvije godine.<\/p>\n<p>Ulaz na izlo\u017ebu je <u>BESPLATAN<\/u>, a svi su dobrodo\u0161li!<\/p>\n<p>Vidimo se!<\/p>\n<p><img fetchpriority=\"high\" decoding=\"async\" class=\"alignnone size-full wp-image-5185\" src=\"https:\/\/udruga-impress.hr\/wp-content\/uploads\/2023\/04\/Slika2.jpg\" alt=\"\" width=\"710\" height=\"532\" \/> <img decoding=\"async\" class=\"alignnone size-full wp-image-5186\" src=\"https:\/\/udruga-impress.hr\/wp-content\/uploads\/2023\/04\/Slika1.jpg\" alt=\"\" width=\"708\" height=\"472\" \/><\/p>\n<p><em>Ku\u0107a Mogu\u0107nosti projekt je kojeg udruga Impress provodi u partnerstvu s udrugom Centar za razvoj osobnih kompetencija i za\u0161titu ljudskih prava i Gradom Daruvarom uz financijsku potporu Europskog socijalnog fonda. Ukupna vrijednost projekta je 1.986.166,00 kuna. Europska unija je u okviru operativnog programa U\u010dinkoviti ljudski potencijali iz Europskog socijalnog fonda sufinancirala iznos od 1.688.241,10 kn<\/em><\/p>","protected":false},"excerpt":{"rendered":"<p>Ve\u0107 pune dvije godine na\u0161a Ku\u0107a Mogu\u0107nosti svakodnevno je ispunjena veseljem i smijehom djece i mladih, ali i odraslih razli\u010dite dobi. Tijekom dvije godine trajanja projekta trudili smo se nuditi aktivnosti koje \u0107e zaista svima biti zanimljive i na kojima \u0107e na\u0161i korisnici mo\u0107i u\u017eivati i prona\u0107i ne\u0161to za sebe. Projekt Ku\u0107a Mogu\u0107nosti predstavlja zna\u010dajan [&hellip;]<\/p>\n","protected":false},"author":3,"featured_media":5185,"comment_status":"closed","ping_status":"open","sticky":false,"template":"","format":"standard","meta":{"footnotes":""},"categories":[1],"tags":[],"class_list":["post-5184","post","type-post","status-publish","format-standard","has-post-thumbnail","hentry","category-impress"],"_links":{"self":[{"href":"https:\/\/udruga-impress.hr\/en\/wp-json\/wp\/v2\/posts\/5184","targetHints":{"allow":["GET"]}}],"collection":[{"href":"https:\/\/udruga-impress.hr\/en\/wp-json\/wp\/v2\/posts"}],"about":[{"href":"https:\/\/udruga-impress.hr\/en\/wp-json\/wp\/v2\/types\/post"}],"author":[{"embeddable":true,"href":"https:\/\/udruga-impress.hr\/en\/wp-json\/wp\/v2\/users\/3"}],"replies":[{"embeddable":true,"href":"https:\/\/udruga-impress.hr\/en\/wp-json\/wp\/v2\/comments?post=5184"}],"version-history":[{"count":1,"href":"https:\/\/udruga-impress.hr\/en\/wp-json\/wp\/v2\/posts\/5184\/revisions"}],"predecessor-version":[{"id":5187,"href":"https:\/\/udruga-impress.hr\/en\/wp-json\/wp\/v2\/posts\/5184\/revisions\/5187"}],"wp:featuredmedia":[{"embeddable":true,"href":"https:\/\/udruga-impress.hr\/en\/wp-json\/wp\/v2\/media\/5185"}],"wp:attachment":[{"href":"https:\/\/udruga-impress.hr\/en\/wp-json\/wp\/v2\/media?parent=5184"}],"wp:term":[{"taxonomy":"category","embeddable":true,"href":"https:\/\/udruga-impress.hr\/en\/wp-json\/wp\/v2\/categories?post=5184"},{"taxonomy":"post_tag","embeddable":true,"href":"https:\/\/udruga-impress.hr\/en\/wp-json\/wp\/v2\/tags?post=5184"}],"curies":[{"name":"wp","href":"https:\/\/api.w.org\/{rel}","templated":true}]}}