{"id":5581,"date":"2026-09-03T16:44:34","date_gmt":"2026-09-03T16:44:34","guid":{"rendered":"https:\/\/udruga-impress.hr\/?p=5581"},"modified":"2026-09-03T16:44:34","modified_gmt":"2026-09-03T16:44:34","slug":"kalendar-aktivnosti-rujan-2026-i-mi-smo-tu-aktivni-u-mirovini-ii","status":"publish","type":"post","link":"https:\/\/udruga-impress.hr\/en\/kalendar-aktivnosti-rujan-2026-i-mi-smo-tu-aktivni-u-mirovini-ii\/","title":{"rendered":"KALENDAR AKTIVNOSTI RUJAN 2026 \u2013 \u201cI MI SMO TU- AKTIVNI U MIROVINI II\u201d"},"content":{"rendered":"<p dir=\"ltr\">\u00a0\u00a0<img fetchpriority=\"high\" decoding=\"async\" class=\"alignnone size-medium wp-image-5584\" src=\"https:\/\/udruga-impress.hr\/wp-content\/uploads\/2026\/09\/4-750x510.jpg\" alt=\"\" width=\"750\" height=\"510\" \/><\/p>\n<p dir=\"ltr\">\n<p dir=\"ltr\"><img decoding=\"async\" class=\"alignnone size-medium wp-image-5583\" src=\"https:\/\/udruga-impress.hr\/wp-content\/uploads\/2026\/09\/5-750x510.jpg\" alt=\"\" width=\"750\" height=\"510\" \/><\/p>\n<p dir=\"ltr\">\n<p dir=\"ltr\"><img decoding=\"async\" class=\"alignnone size-medium wp-image-5582\" src=\"https:\/\/udruga-impress.hr\/wp-content\/uploads\/2026\/09\/6-750x510.jpg\" alt=\"\" width=\"750\" height=\"510\" \/><\/p>\n<p dir=\"ltr\">\n<p dir=\"ltr\">Udruga IMPRESS nastavlja s provedbom projekta \u201eI MI SMO TU \u2013 AKTIVNI U MIROVINI II.&#8221; (SF.3.4.08.06.0040) te tijekom rujna 2026. pripremamo niz besplatnih aktivnosti namijenjenih osobama starijima od 55 godina i umirovljenicima.<\/p>\n<p dir=\"ltr\">Aktivnosti projekta uklju\u010duju: A2.1 Digitalnu akademiju za seniore, A2.2 Aktivnosti prevencije usamljenosti, prakti\u010dne \u017eivotne vje\u0161tine, klub za dru\u017eenje, me\u0111ugeneracijski susreti i prijenos znanja te upoznavanje lokalne i regionalne ba\u0161tine. Predvi\u0111a se jedan cjelodnevni izlet izvan \u017eupanije godi\u0161nje. Uz to, organizira se 10 javnih manifestacija godi\u0161nje na 4 lokacije unutar Bjelovarsko-bilogorske \u017eupanije (Bjelovar, Daruvar, Grubi\u0161no Polje i Gare\u0161nica) s ciljem prevencije bolesti te promicanja tjelesnog i mentalnog zdravlja, A3 Individualna stru\u010dna savjetovanja, A4 Info centar za umirovljenike.<\/p>\n<p dir=\"ltr\">Lokacije, datumi i vrijeme za rujan su navedeni u kalendaru. Sudjelovanje je za sve korisnike u potpunosti besplatno.<\/p>\n<p dir=\"ltr\">Pozivamo sve zainteresirane osobe starije od 55 godina i umirovljenike da nam se pridru\u017ee i iskoriste priliku za stjecanje novih znanja, aktivno provo\u0111enje slobodnog vremena i ugodno dru\u017eenje.<\/p>\n<p dir=\"ltr\">Prijaviti se mo\u017eete prijavom na otvoreni <a href=\"https:\/\/udruga-impress.hr\/javni-poziv-za-iskaz-interesa-krajnjih-korisnika-za-sudjelovanje-u-projektu-i-mi-smo-tu-aktivni-u-mirovini-ii-progam-aktivnog-starenja\/\">Javni poziv<\/a>.<\/p>\n<p dir=\"ltr\">Za vi\u0161e informacija: +385 95 864 4869 <a href=\"mailto:info@udruga-impress.hr\">info@udruga-impress.hr<\/a><\/p>\n<p dir=\"ltr\">Projekt \u201eI MI SMO TU \u2013 AKTIVNI U MIROVINI II.&#8221;<\/p>\n<p dir=\"ltr\">Projekt \u201eI MI SMO TU- AKTIVNI U MIROVINI II&#8221; (SF.3.4.08.06.0040) provodi Udruga \u201eImpress&#8221; u partnerstvu s Umirovljeni\u010dkim centrom za kulturu, tradiciju i zdravlje Bjelovar, uz sufinanciranje sredstvima Europske unije iz Europskog socijalnog fonda plus (ESF+) u okviru Programa U\u010dinkoviti ljudski potencijali 2021. \u2013 2027.<\/p>\n<p dir=\"ltr\"><img loading=\"lazy\" decoding=\"async\" class=\"alignnone size-medium wp-image-5453\" src=\"https:\/\/udruga-impress.hr\/wp-content\/uploads\/2026\/07\/Snimka-zaslona-2026-07-02-175406-750x155.png\" alt=\"\" width=\"750\" height=\"155\" \/><\/p>\n<p dir=\"ltr\">\n<p dir=\"ltr\">","protected":false},"excerpt":{"rendered":"<p>\u00a0\u00a0 Udruga IMPRESS nastavlja s provedbom projekta \u201eI MI SMO TU \u2013 AKTIVNI U MIROVINI II.&#8221; (SF.3.4.08.06.0040) te tijekom rujna 2026. pripremamo niz besplatnih aktivnosti namijenjenih osobama starijima od 55 godina i umirovljenicima. Aktivnosti projekta uklju\u010duju: A2.1 Digitalnu akademiju za seniore, A2.2 Aktivnosti prevencije usamljenosti, prakti\u010dne \u017eivotne vje\u0161tine, klub za dru\u017eenje, me\u0111ugeneracijski susreti i prijenos [&hellip;]<\/p>\n","protected":false},"author":7,"featured_media":0,"comment_status":"closed","ping_status":"open","sticky":false,"template":"","format":"standard","meta":{"footnotes":""},"categories":[1,58,57],"tags":[],"class_list":["post-5581","post","type-post","status-publish","format-standard","hentry","category-impress","category-news","category-projects"],"_links":{"self":[{"href":"https:\/\/udruga-impress.hr\/en\/wp-json\/wp\/v2\/posts\/5581","targetHints":{"allow":["GET"]}}],"collection":[{"href":"https:\/\/udruga-impress.hr\/en\/wp-json\/wp\/v2\/posts"}],"about":[{"href":"https:\/\/udruga-impress.hr\/en\/wp-json\/wp\/v2\/types\/post"}],"author":[{"embeddable":true,"href":"https:\/\/udruga-impress.hr\/en\/wp-json\/wp\/v2\/users\/7"}],"replies":[{"embeddable":true,"href":"https:\/\/udruga-impress.hr\/en\/wp-json\/wp\/v2\/comments?post=5581"}],"version-history":[{"count":1,"href":"https:\/\/udruga-impress.hr\/en\/wp-json\/wp\/v2\/posts\/5581\/revisions"}],"predecessor-version":[{"id":5585,"href":"https:\/\/udruga-impress.hr\/en\/wp-json\/wp\/v2\/posts\/5581\/revisions\/5585"}],"wp:attachment":[{"href":"https:\/\/udruga-impress.hr\/en\/wp-json\/wp\/v2\/media?parent=5581"}],"wp:term":[{"taxonomy":"category","embeddable":true,"href":"https:\/\/udruga-impress.hr\/en\/wp-json\/wp\/v2\/categories?post=5581"},{"taxonomy":"post_tag","embeddable":true,"href":"https:\/\/udruga-impress.hr\/en\/wp-json\/wp\/v2\/tags?post=5581"}],"curies":[{"name":"wp","href":"https:\/\/api.w.org\/{rel}","templated":true}]}}